{"id":241,"date":"2025-03-28T21:26:24","date_gmt":"2025-03-28T21:26:24","guid":{"rendered":"https:\/\/vacikarateoldal.hu\/?p=241"},"modified":"2025-03-28T21:26:25","modified_gmt":"2025-03-28T21:26:25","slug":"20-domenica-kupa-samobor-horvatorszag-2025-03-15","status":"publish","type":"post","link":"https:\/\/vacikarateoldal.hu\/?p=241","title":{"rendered":"20. Domenica Kupa, Samobor Horv\u00e1torsz\u00e1g, 2025.03.15."},"content":{"rendered":"\n<p class=\"has-text-align-center\">2025. m\u00e1rcius 15.-\u00e9n lezajlott a 20. Domenica Kupa, Samoborban, Horv\u00e1torszagban. 14 orsz\u00e1g 26 klubja vett r\u00e9szt a versenyen. Indul\u00f3ink voltak:<br>Baski Bogl\u00e1rka Erika serd\u00fcl\u0151 l\u00e1ny -50kg s\u00falycsoportban mind\u00f6sszesen 38kg-os tests\u00fallyal bronz\u00e9remmel z\u00e1rta a versenyt. \ud83e\udd49<\/p>\n\n\n\n<figure class=\"wp-block-gallery has-nested-images columns-default is-cropped wp-block-gallery-1 is-layout-flex wp-block-gallery-is-layout-flex\">\n<figure class=\"wp-block-image\"><img decoding=\"async\" src=\"https:\/\/scontent-vie1-1.xx.fbcdn.net\/v\/t39.30808-6\/483100931_1160072675911281_2004262681090687004_n.jpg?_nc_cat=104&amp;ccb=1-7&amp;_nc_sid=833d8c&amp;_nc_ohc=zZ1EIKUs1mcQ7kNvgHOlV-Q&amp;_nc_oc=AdnNl3COFPOKfidgdr9wMH0SQEcia7iuAux2Ch8A3uLOpLQgxfJZCZP4dYuQ5mKf_9wSGehWeqCcpqjx0-Cq5zoy&amp;_nc_zt=23&amp;_nc_ht=scontent-vie1-1.xx&amp;_nc_gid=cJ3AxV0fJYK7CvBMNGAG_w&amp;oh=00_AYHhwShPxV-4p3jjsubGIoRJMIjxUTPeQDJvZeS3XCC97A&amp;oe=67ECF7D8\" alt=\"Lehet, hogy egy k\u00e9p err\u0151l: 4 ember, harcm\u0171v\u00e9szetet gyakorl\u00f3 emberek \u00e9s , sz\u00f6veg, amely \u00edgy sz\u00f3l: \u201eKYOKUSHIN ABATE KLUB DOMENICA 20. KUP DOMENICE HRUATSKI KYOKUSHINK SAVEZ IKO MATSUSHIMA KYOKUSHINKAIKAN HRUATSKA\u201d\"\/><\/figure>\n<\/figure>\n\n\n\n<p class=\"has-text-align-center\"><br>Zachar  Botond ifi k\u00f6nny\u0171s\u00falyban csak a d\u00f6nt\u0151ben kapott ki el\u00e9gtelen b\u00edr\u00f3i munka eredm\u00e9nyek\u00e9ppen. \ud83e\udd48<\/p>\n\n\n\n<figure class=\"wp-block-image size-large\"><img loading=\"lazy\" decoding=\"async\" width=\"1024\" height=\"576\" src=\"https:\/\/vacikarateoldal.hu\/wp-content\/uploads\/2025\/03\/image-1024x576.jpeg\" alt=\"Lehet, hogy egy k\u00e9p err\u0151l: 5 ember, harcm\u0171v\u00e9szetet gyakorl\u00f3 emberek \u00e9s sz\u00f6veg\" class=\"wp-image-242\" srcset=\"https:\/\/vacikarateoldal.hu\/wp-content\/uploads\/2025\/03\/image-1024x576.jpeg 1024w, https:\/\/vacikarateoldal.hu\/wp-content\/uploads\/2025\/03\/image-300x169.jpeg 300w, https:\/\/vacikarateoldal.hu\/wp-content\/uploads\/2025\/03\/image-768x432.jpeg 768w, https:\/\/vacikarateoldal.hu\/wp-content\/uploads\/2025\/03\/image-1536x864.jpeg 1536w, https:\/\/vacikarateoldal.hu\/wp-content\/uploads\/2025\/03\/image.jpeg 2048w\" sizes=\"auto, (max-width: 1024px) 100vw, 1024px\" \/><\/figure>\n\n\n\n<p class=\"has-text-align-center\">Klubunkkal tartottak m\u00e9g az Erzs\u00e9betv\u00e1ros SE-b\u0151l Koll\u00e1r Petra, aki formagyakorlat versenysz\u00e1mban indult, de a szerencse nem kedvezett neki, illetve Farkas S\u00e1ndor, aki feln\u0151tt B kateg\u00f3ri\u00e1ban nagyon kem\u00e9nyen versenyezve bronz\u00e9rmes lett\ud83e\udd49<\/p>\n\n\n\n<figure class=\"wp-block-gallery has-nested-images columns-default is-cropped wp-block-gallery-2 is-layout-flex wp-block-gallery-is-layout-flex\">\n<figure class=\"wp-block-image\"><img decoding=\"async\" src=\"https:\/\/scontent-vie1-1.xx.fbcdn.net\/v\/t39.30808-6\/483101088_1160072899244592_8127334557459991950_n.jpg?_nc_cat=106&amp;ccb=1-7&amp;_nc_sid=833d8c&amp;_nc_ohc=ZTmABGD5eAUQ7kNvgENYb4d&amp;_nc_oc=AdnVGm0slY3hVhHAQ48Sb-kkQ0zi_eJB4OlnvRSLGp5LECy03w30uVvzyWOwYO0e5ETUIbygi_8LdEooXCcUuFn4&amp;_nc_zt=23&amp;_nc_ht=scontent-vie1-1.xx&amp;_nc_gid=MBrgg8SHZ_5-rRLY1wK81A&amp;oh=00_AYGnT9466H4q7cNOCjaVVBxMaR-XwanoDN_3rKsPL4v8sw&amp;oe=67ECEC38\" alt=\"Lehet, hogy egy k\u00e9p err\u0151l: 5 ember \u00e9s sz\u00f6veg\"\/><\/figure>\n<\/figure>\n\n\n\n<p class=\"has-text-align-center\"><br>A Szolnoki Bajnokok versenyz\u0151je, Hingi Viktor szint\u00e9n r\u00e1nk volt b\u00edzva, senior +90kg kateg\u00f3ri\u00e1ban 1. helyez\u00e9st \u00e9rt el. \ud83c\udfc5<\/p>\n\n\n\n<figure class=\"wp-block-image size-large\"><img loading=\"lazy\" decoding=\"async\" width=\"1024\" height=\"576\" src=\"https:\/\/vacikarateoldal.hu\/wp-content\/uploads\/2025\/03\/image-1-1024x576.jpeg\" alt=\"Lehet, hogy egy k\u00e9p err\u0151l: 4 ember, r\u00f6plabd\u00e1z\u00f3 emberek \u00e9s , sz\u00f6veg, amely \u00edgy sz\u00f3l: \u201eASLOGAN KUKOMETT ANET HEDTIJA 1959 # 20. 20.KURDOMENICE 20.KUR KUD DOMENICE KYOKUSH KARATE \u03ba' DOME' Uer KY IKO MATSUSHIMA KYOKUSHINKAIKAN HAUATSKA\u201d\" class=\"wp-image-243\" srcset=\"https:\/\/vacikarateoldal.hu\/wp-content\/uploads\/2025\/03\/image-1-1024x576.jpeg 1024w, https:\/\/vacikarateoldal.hu\/wp-content\/uploads\/2025\/03\/image-1-300x169.jpeg 300w, https:\/\/vacikarateoldal.hu\/wp-content\/uploads\/2025\/03\/image-1-768x432.jpeg 768w, https:\/\/vacikarateoldal.hu\/wp-content\/uploads\/2025\/03\/image-1.jpeg 1066w\" sizes=\"auto, (max-width: 1024px) 100vw, 1024px\" \/><\/figure>\n\n\n\n<p class=\"has-text-align-center\"><br>Els\u0151 k\u00fclf\u00f6ldi verseny\u00fcnket sikeresen abszolv\u00e1ltuk. Gratul\u00e1lunk a versenyz\u0151knek!<\/p>\n\n\n\n<p class=\"has-text-align-center\">Az Erzs\u00e9betv\u00e1ros \u00e9s a V\u00e1c-De\u00e1kv\u00e1r versenyz\u0151i:<\/p>\n\n\n\n<figure class=\"wp-block-image size-large\"><img loading=\"lazy\" decoding=\"async\" width=\"1024\" height=\"576\" src=\"https:\/\/vacikarateoldal.hu\/wp-content\/uploads\/2025\/03\/image-2-1024x576.jpeg\" alt=\"Lehet, hogy egy k\u00e9p err\u0151l: 9 ember, harcm\u0171v\u00e9szetet gyakorl\u00f3 emberek \u00e9s sz\u00f6veg\" class=\"wp-image-244\" srcset=\"https:\/\/vacikarateoldal.hu\/wp-content\/uploads\/2025\/03\/image-2-1024x576.jpeg 1024w, https:\/\/vacikarateoldal.hu\/wp-content\/uploads\/2025\/03\/image-2-300x169.jpeg 300w, https:\/\/vacikarateoldal.hu\/wp-content\/uploads\/2025\/03\/image-2-768x432.jpeg 768w, https:\/\/vacikarateoldal.hu\/wp-content\/uploads\/2025\/03\/image-2-1536x864.jpeg 1536w, https:\/\/vacikarateoldal.hu\/wp-content\/uploads\/2025\/03\/image-2.jpeg 2048w\" sizes=\"auto, (max-width: 1024px) 100vw, 1024px\" \/><\/figure>\n\n\n\n<p class=\"has-text-align-center\">A magyar csapat:<\/p>\n\n\n\n<figure class=\"wp-block-image size-large\"><img loading=\"lazy\" decoding=\"async\" width=\"1024\" height=\"576\" src=\"https:\/\/vacikarateoldal.hu\/wp-content\/uploads\/2025\/03\/image-3-1024x576.jpeg\" alt=\"Lehet, hogy egy k\u00e9p err\u0151l: 7 ember \u00e9s harcm\u0171v\u00e9szetet gyakorl\u00f3 emberek\" class=\"wp-image-245\" srcset=\"https:\/\/vacikarateoldal.hu\/wp-content\/uploads\/2025\/03\/image-3-1024x576.jpeg 1024w, https:\/\/vacikarateoldal.hu\/wp-content\/uploads\/2025\/03\/image-3-300x169.jpeg 300w, https:\/\/vacikarateoldal.hu\/wp-content\/uploads\/2025\/03\/image-3-768x432.jpeg 768w, https:\/\/vacikarateoldal.hu\/wp-content\/uploads\/2025\/03\/image-3-1536x864.jpeg 1536w, https:\/\/vacikarateoldal.hu\/wp-content\/uploads\/2025\/03\/image-3.jpeg 2048w\" sizes=\"auto, (max-width: 1024px) 100vw, 1024px\" \/><\/figure>\n\n\n\n<p class=\"has-text-align-center\">Vide\u00f3s \u00f6ssze\u00e1ll\u00edt\u00e1s: <\/p>\n\n\n\n<figure class=\"wp-block-embed is-type-video is-provider-youtube wp-block-embed-youtube wp-embed-aspect-16-9 wp-has-aspect-ratio\"><div class=\"wp-block-embed__wrapper\">\n<iframe loading=\"lazy\" title=\"20. Domenica Kupa 2025.03.15.\" width=\"810\" height=\"456\" src=\"https:\/\/www.youtube.com\/embed\/DIeZ5HsmTcY?feature=oembed\" frameborder=\"0\" allow=\"accelerometer; autoplay; clipboard-write; encrypted-media; gyroscope; picture-in-picture; web-share\" referrerpolicy=\"strict-origin-when-cross-origin\" allowfullscreen><\/iframe>\n<\/div><\/figure>\n","protected":false},"excerpt":{"rendered":"<p>2025. m\u00e1rcius 15.-\u00e9n lezajlott a 20. Domenica Kupa, Samoborban, Horv\u00e1torszagban. 14 orsz\u00e1g 26 klubja vett r\u00e9szt a versenyen. Indul\u00f3ink voltak:Baski Bogl\u00e1rka Erika serd\u00fcl\u0151 l\u00e1ny -50kg s\u00falycsoportban mind\u00f6sszesen 38kg-os tests\u00fallyal bronz\u00e9remmel z\u00e1rta a versenyt. \ud83e\udd49 Zachar Botond ifi k\u00f6nny\u0171s\u00falyban csak a d\u00f6nt\u0151ben kapott ki el\u00e9gtelen b\u00edr\u00f3i munka eredm\u00e9nyek\u00e9ppen. \ud83e\udd48 Klubunkkal tartottak m\u00e9g az Erzs\u00e9betv\u00e1ros SE-b\u0151l Koll\u00e1r &hellip; <\/p>\n","protected":false},"author":1,"featured_media":0,"comment_status":"open","ping_status":"open","sticky":false,"template":"","format":"standard","meta":{"footnotes":""},"categories":[1],"tags":[],"class_list":["post-241","post","type-post","status-publish","format-standard","hentry","category-wachtler-dojo-vac-kyokushin-karate","grid-sizer"],"_links":{"self":[{"href":"https:\/\/vacikarateoldal.hu\/index.php?rest_route=\/wp\/v2\/posts\/241","targetHints":{"allow":["GET"]}}],"collection":[{"href":"https:\/\/vacikarateoldal.hu\/index.php?rest_route=\/wp\/v2\/posts"}],"about":[{"href":"https:\/\/vacikarateoldal.hu\/index.php?rest_route=\/wp\/v2\/types\/post"}],"author":[{"embeddable":true,"href":"https:\/\/vacikarateoldal.hu\/index.php?rest_route=\/wp\/v2\/users\/1"}],"replies":[{"embeddable":true,"href":"https:\/\/vacikarateoldal.hu\/index.php?rest_route=%2Fwp%2Fv2%2Fcomments&post=241"}],"version-history":[{"count":1,"href":"https:\/\/vacikarateoldal.hu\/index.php?rest_route=\/wp\/v2\/posts\/241\/revisions"}],"predecessor-version":[{"id":246,"href":"https:\/\/vacikarateoldal.hu\/index.php?rest_route=\/wp\/v2\/posts\/241\/revisions\/246"}],"wp:attachment":[{"href":"https:\/\/vacikarateoldal.hu\/index.php?rest_route=%2Fwp%2Fv2%2Fmedia&parent=241"}],"wp:term":[{"taxonomy":"category","embeddable":true,"href":"https:\/\/vacikarateoldal.hu\/index.php?rest_route=%2Fwp%2Fv2%2Fcategories&post=241"},{"taxonomy":"post_tag","embeddable":true,"href":"https:\/\/vacikarateoldal.hu\/index.php?rest_route=%2Fwp%2Fv2%2Ftags&post=241"}],"curies":[{"name":"wp","href":"https:\/\/api.w.org\/{rel}","templated":true}]}}